{"id":471,"date":"2025-11-19T11:56:51","date_gmt":"2025-11-19T11:56:51","guid":{"rendered":"https:\/\/splaudiosistemas.com\/?p=471"},"modified":"2025-11-19T12:05:22","modified_gmt":"2025-11-19T12:05:22","slug":"iluminacion-profesional-en-marbella-diseno-tecnico-y-escenico-a-medida","status":"publish","type":"post","link":"https:\/\/splaudiosistemas.com\/index.php\/2025\/11\/19\/iluminacion-profesional-en-marbella-diseno-tecnico-y-escenico-a-medida\/","title":{"rendered":"Iluminaci\u00f3n profesional en Marbella: dise\u00f1o t\u00e9cnico y esc\u00e9nico a medida"},"content":{"rendered":"\n<p>En SPL Audio System, la luz no es solo una cuesti\u00f3n est\u00e9tica: es una herramienta clave para transformar espacios, crear atm\u00f3sferas y reforzar la identidad visual de cada proyecto.<\/p>\n\n\n\n<p>Desde nuestra sede en Marbella, desarrollamos <strong>sistemas de iluminaci\u00f3n profesional<\/strong> para eventos, locales comerciales, hoteles, restaurantes, espacios culturales y todo tipo de recintos, en la Costa del Sol y a nivel internacional.<\/p>\n\n\n\n<h3 class=\"wp-block-heading\"><strong>Iluminaci\u00f3n t\u00e9cnica y esc\u00e9nica con enfoque ingenieril<\/strong><\/h3>\n\n\n\n<p>Nuestro enfoque parte de la ingenier\u00eda: analizamos cada espacio en detalle para dise\u00f1ar soluciones de <strong>iluminaci\u00f3n t\u00e9cnica y esc\u00e9nica<\/strong> que se adapten a sus caracter\u00edsticas funcionales y est\u00e9ticas.<\/p>\n\n\n\n<p>Combinamos precisi\u00f3n t\u00e9cnica y creatividad visual para lograr entornos iluminados de forma homog\u00e9nea, fiable y con un impacto visual \u00fanico.<\/p>\n\n\n\n<p>Cada proyecto se desarrolla de forma personalizada, integrando todos los elementos de iluminaci\u00f3n dentro del conjunto audiovisual del espacio.<\/p>\n\n\n\n<h3 class=\"wp-block-heading\"><strong>Tecnolog\u00eda avanzada: LED, cabezas m\u00f3viles y arquitectura lum\u00ednica<\/strong><\/h3>\n\n\n\n<p>Instalamos y programamos equipos LED, cabezas m\u00f3viles, sistemas DMX y soluciones de iluminaci\u00f3n arquitect\u00f3nica.<\/p>\n\n\n\n<p>Estos recursos nos permiten no solo iluminar, sino tambi\u00e9n <strong>resaltar formas, guiar miradas y acompa\u00f1ar la narrativa visual<\/strong> de cada evento o entorno.<\/p>\n\n\n\n<p>Gracias a nuestro equipo t\u00e9cnico y de ingenier\u00eda, cada sistema se configura con exactitud para ofrecer <strong>uniformidad lum\u00ednica<\/strong>, bajo consumo energ\u00e9tico y m\u00e1xima fiabilidad.<\/p>\n\n\n\n<h3 class=\"wp-block-heading\"><strong>Dise\u00f1o est\u00e9tico y funcional: la luz como experiencia<\/strong><\/h3>\n\n\n\n<p>No nos conformamos con que los equipos funcionen bien: nos aseguramos de que cada proyecto tenga un acabado est\u00e9tico profesional.<\/p>\n\n\n\n<p>La <strong>iluminaci\u00f3n profesional<\/strong> bien ejecutada tiene el poder de generar emociones, mejorar la experiencia del usuario y aportar valor real a tu espacio.<\/p>\n\n\n\n<p>Desde el concepto inicial hasta la instalaci\u00f3n final, cuidamos cada detalle del proceso para lograr un resultado duradero, expresivo y perfectamente integrado.<\/p>\n\n\n\n<hr class=\"wp-block-separator has-alpha-channel-opacity\"\/>\n\n\n\n<h3 class=\"wp-block-heading\"><strong>\u00bfBuscas un proyecto de iluminaci\u00f3n profesional en Marbella o la Costa del Sol?<\/strong><\/h3>\n\n\n\n<p>En <a href=\"https:\/\/splaudiosistemas.com\/index.php\/contactanos\/\">SPL Audio System<\/a> te ofrecemos asesoramiento t\u00e9cnico, dise\u00f1o a medida e instalaci\u00f3n completa.<\/p>\n\n\n\n<p>Transforma tu espacio con una <strong>iluminaci\u00f3n que marca la diferencia.<\/strong><\/p>\n","protected":false},"excerpt":{"rendered":"<p>En SPL Audio System, la luz no es solo una cuesti\u00f3n est\u00e9tica: es una herramienta clave para transformar espacios, crear atm\u00f3sferas y reforzar la identidad visual de cada proyecto. Desde nuestra sede en Marbella, desarrollamos sistemas de iluminaci\u00f3n profesional para eventos, locales comerciales, hoteles, restaurantes, espacios culturales y todo tipo de recintos, en la Costa [&hellip;]<\/p>\n","protected":false},"author":2,"featured_media":472,"comment_status":"closed","ping_status":"closed","sticky":false,"template":"","format":"standard","meta":{"_monsterinsights_skip_tracking":false,"_monsterinsights_sitenote_active":false,"_monsterinsights_sitenote_note":"","_monsterinsights_sitenote_category":0,"_joinchat":[],"footnotes":""},"categories":[13],"tags":[],"class_list":["post-471","post","type-post","status-publish","format-standard","has-post-thumbnail","hentry","category-spl-audio-sistemas-marbella"],"yoast_head":"<!-- This site is optimized with the Yoast SEO plugin v26.8 - https:\/\/yoast.com\/product\/yoast-seo-wordpress\/ -->\n<title>Iluminaci\u00f3n profesional en Marbella | instalaci\u00f3n a medida SPL<\/title>\n<meta name=\"description\" content=\"Sistemas de iluminaci\u00f3n profesional en Marbella: dise\u00f1o, instalaci\u00f3n y programaci\u00f3n a medida para eventos y espacios. Calidad, precisi\u00f3n.\" \/>\n<meta name=\"robots\" content=\"index, follow, max-snippet:-1, max-image-preview:large, max-video-preview:-1\" \/>\n<link rel=\"canonical\" href=\"https:\/\/splaudiosistemas.com\/index.php\/2025\/11\/19\/iluminacion-profesional-en-marbella-diseno-tecnico-y-escenico-a-medida\/\" \/>\n<meta property=\"og:locale\" content=\"es_ES\" \/>\n<meta property=\"og:type\" content=\"article\" \/>\n<meta property=\"og:title\" content=\"Iluminaci\u00f3n profesional en Marbella | instalaci\u00f3n a medida SPL\" \/>\n<meta property=\"og:description\" content=\"Sistemas de iluminaci\u00f3n profesional en Marbella: dise\u00f1o, instalaci\u00f3n y programaci\u00f3n a medida para eventos y espacios. Calidad, precisi\u00f3n.\" \/>\n<meta property=\"og:url\" content=\"https:\/\/splaudiosistemas.com\/index.php\/2025\/11\/19\/iluminacion-profesional-en-marbella-diseno-tecnico-y-escenico-a-medida\/\" \/>\n<meta property=\"og:site_name\" content=\"Sonido Profesional | SPL Audio Sistemas | Marbella\" \/>\n<meta property=\"article:publisher\" content=\"https:\/\/www.facebook.com\/profile.php?id=61583430311355\" \/>\n<meta property=\"article:published_time\" content=\"2025-11-19T11:56:51+00:00\" \/>\n<meta property=\"article:modified_time\" content=\"2025-11-19T12:05:22+00:00\" \/>\n<meta property=\"og:image\" content=\"https:\/\/splaudiosistemas.com\/wp-content\/uploads\/2025\/11\/Publi-3s-11-25-E-scaled.jpg\" \/>\n\t<meta property=\"og:image:width\" content=\"2049\" \/>\n\t<meta property=\"og:image:height\" content=\"2560\" \/>\n\t<meta property=\"og:image:type\" content=\"image\/jpeg\" \/>\n<meta name=\"author\" content=\"Cedric Favre\" \/>\n<meta name=\"twitter:card\" content=\"summary_large_image\" \/>\n<meta name=\"twitter:label1\" content=\"Escrito por\" \/>\n\t<meta name=\"twitter:data1\" content=\"Cedric Favre\" \/>\n\t<meta name=\"twitter:label2\" content=\"Tiempo de lectura\" \/>\n\t<meta name=\"twitter:data2\" content=\"2 minutos\" \/>\n<script type=\"application\/ld+json\" class=\"yoast-schema-graph\">{\"@context\":\"https:\/\/schema.org\",\"@graph\":[{\"@type\":\"Article\",\"@id\":\"https:\/\/splaudiosistemas.com\/index.php\/2025\/11\/19\/iluminacion-profesional-en-marbella-diseno-tecnico-y-escenico-a-medida\/#article\",\"isPartOf\":{\"@id\":\"https:\/\/splaudiosistemas.com\/index.php\/2025\/11\/19\/iluminacion-profesional-en-marbella-diseno-tecnico-y-escenico-a-medida\/\"},\"author\":{\"name\":\"Cedric Favre\",\"@id\":\"https:\/\/splaudiosistemas.com\/#\/schema\/person\/3b86457d789cdd744ee766ae1365ed52\"},\"headline\":\"Iluminaci\u00f3n profesional en Marbella: dise\u00f1o t\u00e9cnico y esc\u00e9nico a medida\",\"datePublished\":\"2025-11-19T11:56:51+00:00\",\"dateModified\":\"2025-11-19T12:05:22+00:00\",\"mainEntityOfPage\":{\"@id\":\"https:\/\/splaudiosistemas.com\/index.php\/2025\/11\/19\/iluminacion-profesional-en-marbella-diseno-tecnico-y-escenico-a-medida\/\"},\"wordCount\":369,\"publisher\":{\"@id\":\"https:\/\/splaudiosistemas.com\/#organization\"},\"image\":{\"@id\":\"https:\/\/splaudiosistemas.com\/index.php\/2025\/11\/19\/iluminacion-profesional-en-marbella-diseno-tecnico-y-escenico-a-medida\/#primaryimage\"},\"thumbnailUrl\":\"https:\/\/splaudiosistemas.com\/wp-content\/uploads\/2025\/11\/Publi-3s-11-25-E-scaled.jpg\",\"articleSection\":[\"SPL Audio sistemas Marbella\"],\"inLanguage\":\"es\"},{\"@type\":\"WebPage\",\"@id\":\"https:\/\/splaudiosistemas.com\/index.php\/2025\/11\/19\/iluminacion-profesional-en-marbella-diseno-tecnico-y-escenico-a-medida\/\",\"url\":\"https:\/\/splaudiosistemas.com\/index.php\/2025\/11\/19\/iluminacion-profesional-en-marbella-diseno-tecnico-y-escenico-a-medida\/\",\"name\":\"Iluminaci\u00f3n profesional en Marbella | instalaci\u00f3n a medida SPL\",\"isPartOf\":{\"@id\":\"https:\/\/splaudiosistemas.com\/#website\"},\"primaryImageOfPage\":{\"@id\":\"https:\/\/splaudiosistemas.com\/index.php\/2025\/11\/19\/iluminacion-profesional-en-marbella-diseno-tecnico-y-escenico-a-medida\/#primaryimage\"},\"image\":{\"@id\":\"https:\/\/splaudiosistemas.com\/index.php\/2025\/11\/19\/iluminacion-profesional-en-marbella-diseno-tecnico-y-escenico-a-medida\/#primaryimage\"},\"thumbnailUrl\":\"https:\/\/splaudiosistemas.com\/wp-content\/uploads\/2025\/11\/Publi-3s-11-25-E-scaled.jpg\",\"datePublished\":\"2025-11-19T11:56:51+00:00\",\"dateModified\":\"2025-11-19T12:05:22+00:00\",\"description\":\"Sistemas de iluminaci\u00f3n profesional en Marbella: dise\u00f1o, instalaci\u00f3n y programaci\u00f3n a medida para eventos y espacios. Calidad, precisi\u00f3n.\",\"breadcrumb\":{\"@id\":\"https:\/\/splaudiosistemas.com\/index.php\/2025\/11\/19\/iluminacion-profesional-en-marbella-diseno-tecnico-y-escenico-a-medida\/#breadcrumb\"},\"inLanguage\":\"es\",\"potentialAction\":[{\"@type\":\"ReadAction\",\"target\":[\"https:\/\/splaudiosistemas.com\/index.php\/2025\/11\/19\/iluminacion-profesional-en-marbella-diseno-tecnico-y-escenico-a-medida\/\"]}]},{\"@type\":\"ImageObject\",\"inLanguage\":\"es\",\"@id\":\"https:\/\/splaudiosistemas.com\/index.php\/2025\/11\/19\/iluminacion-profesional-en-marbella-diseno-tecnico-y-escenico-a-medida\/#primaryimage\",\"url\":\"https:\/\/splaudiosistemas.com\/wp-content\/uploads\/2025\/11\/Publi-3s-11-25-E-scaled.jpg\",\"contentUrl\":\"https:\/\/splaudiosistemas.com\/wp-content\/uploads\/2025\/11\/Publi-3s-11-25-E-scaled.jpg\",\"width\":2049,\"height\":2560,\"caption\":\"iluminaci\u00f3n profesional Marbella\"},{\"@type\":\"BreadcrumbList\",\"@id\":\"https:\/\/splaudiosistemas.com\/index.php\/2025\/11\/19\/iluminacion-profesional-en-marbella-diseno-tecnico-y-escenico-a-medida\/#breadcrumb\",\"itemListElement\":[{\"@type\":\"ListItem\",\"position\":1,\"name\":\"Portada\",\"item\":\"https:\/\/splaudiosistemas.com\/\"},{\"@type\":\"ListItem\",\"position\":2,\"name\":\"Iluminaci\u00f3n profesional en Marbella: dise\u00f1o t\u00e9cnico y esc\u00e9nico a medida\"}]},{\"@type\":\"WebSite\",\"@id\":\"https:\/\/splaudiosistemas.com\/#website\",\"url\":\"https:\/\/splaudiosistemas.com\/\",\"name\":\"Sonido Profesional | SPL Audio Sistemas | Marbella\",\"description\":\"SPL\",\"publisher\":{\"@id\":\"https:\/\/splaudiosistemas.com\/#organization\"},\"potentialAction\":[{\"@type\":\"SearchAction\",\"target\":{\"@type\":\"EntryPoint\",\"urlTemplate\":\"https:\/\/splaudiosistemas.com\/?s={search_term_string}\"},\"query-input\":{\"@type\":\"PropertyValueSpecification\",\"valueRequired\":true,\"valueName\":\"search_term_string\"}}],\"inLanguage\":\"es\"},{\"@type\":\"Organization\",\"@id\":\"https:\/\/splaudiosistemas.com\/#organization\",\"name\":\"Sonido Profesional | SPL Audio Sistemas | Marbella\",\"url\":\"https:\/\/splaudiosistemas.com\/\",\"logo\":{\"@type\":\"ImageObject\",\"inLanguage\":\"es\",\"@id\":\"https:\/\/splaudiosistemas.com\/#\/schema\/logo\/image\/\",\"url\":\"https:\/\/splaudiosistemas.com\/wp-content\/uploads\/2025\/10\/Captura-de-pantalla-2025-10-17-a-las-10.15.55.png\",\"contentUrl\":\"https:\/\/splaudiosistemas.com\/wp-content\/uploads\/2025\/10\/Captura-de-pantalla-2025-10-17-a-las-10.15.55.png\",\"width\":322,\"height\":288,\"caption\":\"Sonido Profesional | SPL Audio Sistemas | Marbella\"},\"image\":{\"@id\":\"https:\/\/splaudiosistemas.com\/#\/schema\/logo\/image\/\"},\"sameAs\":[\"https:\/\/www.facebook.com\/profile.php?id=61583430311355\",\"https:\/\/www.instagram.com\/spl.audio.sistemas\/\"]},{\"@type\":\"Person\",\"@id\":\"https:\/\/splaudiosistemas.com\/#\/schema\/person\/3b86457d789cdd744ee766ae1365ed52\",\"name\":\"Cedric Favre\",\"image\":{\"@type\":\"ImageObject\",\"inLanguage\":\"es\",\"@id\":\"https:\/\/splaudiosistemas.com\/#\/schema\/person\/image\/\",\"url\":\"https:\/\/secure.gravatar.com\/avatar\/b1a8b92d4614e6bc23a7ad621701e70c7a29da3a7c9f67ac28a7577cf4cec276?s=96&d=mm&r=g\",\"contentUrl\":\"https:\/\/secure.gravatar.com\/avatar\/b1a8b92d4614e6bc23a7ad621701e70c7a29da3a7c9f67ac28a7577cf4cec276?s=96&d=mm&r=g\",\"caption\":\"Cedric Favre\"},\"url\":\"https:\/\/splaudiosistemas.com\/index.php\/author\/surdesign\/\"}]}<\/script>\n<!-- \/ Yoast SEO plugin. -->","yoast_head_json":{"title":"Iluminaci\u00f3n profesional en Marbella | instalaci\u00f3n a medida SPL","description":"Sistemas de iluminaci\u00f3n profesional en Marbella: dise\u00f1o, instalaci\u00f3n y programaci\u00f3n a medida para eventos y espacios. Calidad, precisi\u00f3n.","robots":{"index":"index","follow":"follow","max-snippet":"max-snippet:-1","max-image-preview":"max-image-preview:large","max-video-preview":"max-video-preview:-1"},"canonical":"https:\/\/splaudiosistemas.com\/index.php\/2025\/11\/19\/iluminacion-profesional-en-marbella-diseno-tecnico-y-escenico-a-medida\/","og_locale":"es_ES","og_type":"article","og_title":"Iluminaci\u00f3n profesional en Marbella | instalaci\u00f3n a medida SPL","og_description":"Sistemas de iluminaci\u00f3n profesional en Marbella: dise\u00f1o, instalaci\u00f3n y programaci\u00f3n a medida para eventos y espacios. Calidad, precisi\u00f3n.","og_url":"https:\/\/splaudiosistemas.com\/index.php\/2025\/11\/19\/iluminacion-profesional-en-marbella-diseno-tecnico-y-escenico-a-medida\/","og_site_name":"Sonido Profesional | SPL Audio Sistemas | Marbella","article_publisher":"https:\/\/www.facebook.com\/profile.php?id=61583430311355","article_published_time":"2025-11-19T11:56:51+00:00","article_modified_time":"2025-11-19T12:05:22+00:00","og_image":[{"width":2049,"height":2560,"url":"https:\/\/splaudiosistemas.com\/wp-content\/uploads\/2025\/11\/Publi-3s-11-25-E-scaled.jpg","type":"image\/jpeg"}],"author":"Cedric Favre","twitter_card":"summary_large_image","twitter_misc":{"Escrito por":"Cedric Favre","Tiempo de lectura":"2 minutos"},"schema":{"@context":"https:\/\/schema.org","@graph":[{"@type":"Article","@id":"https:\/\/splaudiosistemas.com\/index.php\/2025\/11\/19\/iluminacion-profesional-en-marbella-diseno-tecnico-y-escenico-a-medida\/#article","isPartOf":{"@id":"https:\/\/splaudiosistemas.com\/index.php\/2025\/11\/19\/iluminacion-profesional-en-marbella-diseno-tecnico-y-escenico-a-medida\/"},"author":{"name":"Cedric Favre","@id":"https:\/\/splaudiosistemas.com\/#\/schema\/person\/3b86457d789cdd744ee766ae1365ed52"},"headline":"Iluminaci\u00f3n profesional en Marbella: dise\u00f1o t\u00e9cnico y esc\u00e9nico a medida","datePublished":"2025-11-19T11:56:51+00:00","dateModified":"2025-11-19T12:05:22+00:00","mainEntityOfPage":{"@id":"https:\/\/splaudiosistemas.com\/index.php\/2025\/11\/19\/iluminacion-profesional-en-marbella-diseno-tecnico-y-escenico-a-medida\/"},"wordCount":369,"publisher":{"@id":"https:\/\/splaudiosistemas.com\/#organization"},"image":{"@id":"https:\/\/splaudiosistemas.com\/index.php\/2025\/11\/19\/iluminacion-profesional-en-marbella-diseno-tecnico-y-escenico-a-medida\/#primaryimage"},"thumbnailUrl":"https:\/\/splaudiosistemas.com\/wp-content\/uploads\/2025\/11\/Publi-3s-11-25-E-scaled.jpg","articleSection":["SPL Audio sistemas Marbella"],"inLanguage":"es"},{"@type":"WebPage","@id":"https:\/\/splaudiosistemas.com\/index.php\/2025\/11\/19\/iluminacion-profesional-en-marbella-diseno-tecnico-y-escenico-a-medida\/","url":"https:\/\/splaudiosistemas.com\/index.php\/2025\/11\/19\/iluminacion-profesional-en-marbella-diseno-tecnico-y-escenico-a-medida\/","name":"Iluminaci\u00f3n profesional en Marbella | instalaci\u00f3n a medida SPL","isPartOf":{"@id":"https:\/\/splaudiosistemas.com\/#website"},"primaryImageOfPage":{"@id":"https:\/\/splaudiosistemas.com\/index.php\/2025\/11\/19\/iluminacion-profesional-en-marbella-diseno-tecnico-y-escenico-a-medida\/#primaryimage"},"image":{"@id":"https:\/\/splaudiosistemas.com\/index.php\/2025\/11\/19\/iluminacion-profesional-en-marbella-diseno-tecnico-y-escenico-a-medida\/#primaryimage"},"thumbnailUrl":"https:\/\/splaudiosistemas.com\/wp-content\/uploads\/2025\/11\/Publi-3s-11-25-E-scaled.jpg","datePublished":"2025-11-19T11:56:51+00:00","dateModified":"2025-11-19T12:05:22+00:00","description":"Sistemas de iluminaci\u00f3n profesional en Marbella: dise\u00f1o, instalaci\u00f3n y programaci\u00f3n a medida para eventos y espacios. Calidad, precisi\u00f3n.","breadcrumb":{"@id":"https:\/\/splaudiosistemas.com\/index.php\/2025\/11\/19\/iluminacion-profesional-en-marbella-diseno-tecnico-y-escenico-a-medida\/#breadcrumb"},"inLanguage":"es","potentialAction":[{"@type":"ReadAction","target":["https:\/\/splaudiosistemas.com\/index.php\/2025\/11\/19\/iluminacion-profesional-en-marbella-diseno-tecnico-y-escenico-a-medida\/"]}]},{"@type":"ImageObject","inLanguage":"es","@id":"https:\/\/splaudiosistemas.com\/index.php\/2025\/11\/19\/iluminacion-profesional-en-marbella-diseno-tecnico-y-escenico-a-medida\/#primaryimage","url":"https:\/\/splaudiosistemas.com\/wp-content\/uploads\/2025\/11\/Publi-3s-11-25-E-scaled.jpg","contentUrl":"https:\/\/splaudiosistemas.com\/wp-content\/uploads\/2025\/11\/Publi-3s-11-25-E-scaled.jpg","width":2049,"height":2560,"caption":"iluminaci\u00f3n profesional Marbella"},{"@type":"BreadcrumbList","@id":"https:\/\/splaudiosistemas.com\/index.php\/2025\/11\/19\/iluminacion-profesional-en-marbella-diseno-tecnico-y-escenico-a-medida\/#breadcrumb","itemListElement":[{"@type":"ListItem","position":1,"name":"Portada","item":"https:\/\/splaudiosistemas.com\/"},{"@type":"ListItem","position":2,"name":"Iluminaci\u00f3n profesional en Marbella: dise\u00f1o t\u00e9cnico y esc\u00e9nico a medida"}]},{"@type":"WebSite","@id":"https:\/\/splaudiosistemas.com\/#website","url":"https:\/\/splaudiosistemas.com\/","name":"Sonido Profesional | SPL Audio Sistemas | Marbella","description":"SPL","publisher":{"@id":"https:\/\/splaudiosistemas.com\/#organization"},"potentialAction":[{"@type":"SearchAction","target":{"@type":"EntryPoint","urlTemplate":"https:\/\/splaudiosistemas.com\/?s={search_term_string}"},"query-input":{"@type":"PropertyValueSpecification","valueRequired":true,"valueName":"search_term_string"}}],"inLanguage":"es"},{"@type":"Organization","@id":"https:\/\/splaudiosistemas.com\/#organization","name":"Sonido Profesional | SPL Audio Sistemas | Marbella","url":"https:\/\/splaudiosistemas.com\/","logo":{"@type":"ImageObject","inLanguage":"es","@id":"https:\/\/splaudiosistemas.com\/#\/schema\/logo\/image\/","url":"https:\/\/splaudiosistemas.com\/wp-content\/uploads\/2025\/10\/Captura-de-pantalla-2025-10-17-a-las-10.15.55.png","contentUrl":"https:\/\/splaudiosistemas.com\/wp-content\/uploads\/2025\/10\/Captura-de-pantalla-2025-10-17-a-las-10.15.55.png","width":322,"height":288,"caption":"Sonido Profesional | SPL Audio Sistemas | Marbella"},"image":{"@id":"https:\/\/splaudiosistemas.com\/#\/schema\/logo\/image\/"},"sameAs":["https:\/\/www.facebook.com\/profile.php?id=61583430311355","https:\/\/www.instagram.com\/spl.audio.sistemas\/"]},{"@type":"Person","@id":"https:\/\/splaudiosistemas.com\/#\/schema\/person\/3b86457d789cdd744ee766ae1365ed52","name":"Cedric Favre","image":{"@type":"ImageObject","inLanguage":"es","@id":"https:\/\/splaudiosistemas.com\/#\/schema\/person\/image\/","url":"https:\/\/secure.gravatar.com\/avatar\/b1a8b92d4614e6bc23a7ad621701e70c7a29da3a7c9f67ac28a7577cf4cec276?s=96&d=mm&r=g","contentUrl":"https:\/\/secure.gravatar.com\/avatar\/b1a8b92d4614e6bc23a7ad621701e70c7a29da3a7c9f67ac28a7577cf4cec276?s=96&d=mm&r=g","caption":"Cedric Favre"},"url":"https:\/\/splaudiosistemas.com\/index.php\/author\/surdesign\/"}]}},"_links":{"self":[{"href":"https:\/\/splaudiosistemas.com\/index.php\/wp-json\/wp\/v2\/posts\/471","targetHints":{"allow":["GET"]}}],"collection":[{"href":"https:\/\/splaudiosistemas.com\/index.php\/wp-json\/wp\/v2\/posts"}],"about":[{"href":"https:\/\/splaudiosistemas.com\/index.php\/wp-json\/wp\/v2\/types\/post"}],"author":[{"embeddable":true,"href":"https:\/\/splaudiosistemas.com\/index.php\/wp-json\/wp\/v2\/users\/2"}],"replies":[{"embeddable":true,"href":"https:\/\/splaudiosistemas.com\/index.php\/wp-json\/wp\/v2\/comments?post=471"}],"version-history":[{"count":1,"href":"https:\/\/splaudiosistemas.com\/index.php\/wp-json\/wp\/v2\/posts\/471\/revisions"}],"predecessor-version":[{"id":473,"href":"https:\/\/splaudiosistemas.com\/index.php\/wp-json\/wp\/v2\/posts\/471\/revisions\/473"}],"wp:featuredmedia":[{"embeddable":true,"href":"https:\/\/splaudiosistemas.com\/index.php\/wp-json\/wp\/v2\/media\/472"}],"wp:attachment":[{"href":"https:\/\/splaudiosistemas.com\/index.php\/wp-json\/wp\/v2\/media?parent=471"}],"wp:term":[{"taxonomy":"category","embeddable":true,"href":"https:\/\/splaudiosistemas.com\/index.php\/wp-json\/wp\/v2\/categories?post=471"},{"taxonomy":"post_tag","embeddable":true,"href":"https:\/\/splaudiosistemas.com\/index.php\/wp-json\/wp\/v2\/tags?post=471"}],"curies":[{"name":"wp","href":"https:\/\/api.w.org\/{rel}","templated":true}]}}